{"id":2356,"date":"2022-07-06T20:42:43","date_gmt":"2022-07-06T20:42:43","guid":{"rendered":"https:\/\/precayetano.pe\/cursos\/2022\/07\/06\/biologo-peruano-armando-valdes-velasquez-formara-parte-de-la-academia-wyss-para-la-naturaleza\/"},"modified":"2022-07-06T20:42:43","modified_gmt":"2022-07-06T20:42:43","slug":"biologo-peruano-armando-valdes-velasquez-formara-parte-de-la-academia-wyss-para-la-naturaleza","status":"publish","type":"post","link":"https:\/\/precayetano.pe\/cursos\/2022\/07\/06\/biologo-peruano-armando-valdes-velasquez-formara-parte-de-la-academia-wyss-para-la-naturaleza\/","title":{"rendered":"Bi\u00f3logo peruano, Armando Vald\u00e9s Vel\u00e1squez, formar\u00e1 parte de la academia WYSS para la natutaleza"},"content":{"rendered":"\n<p>Armando Vald\u00e9s Vel\u00e1squez, investigador y docente de la Universidad Peruana Cayetano Heredia, acaba de ser anunciado como asesor principal del equipo de Am\u00e9rica del Sur de la Academia Wyss para la Naturaleza de la Universidad de Berna (Suiza).<\/p>\n\n\n\n<p>\u201cMe un\u00ed a la Academia Wyss ya que nuestras metas y visiones se alinean estrechamente. Creo en un mundo sostenible y justo, en el cual todos los seres vivos pueden coexistir\u201d, dijo el bi\u00f3logo peruano a la p\u00e1gina web de dicha instituci\u00f3n.<\/p>\n\n\n\n<p>Respecto a su experiencia, cont\u00f3: \u201cHe trabajado durante casi 20 a\u00f1os en Am\u00e9rica del Sur, tanto en lo acad\u00e9mico como en lo pr\u00e1ctico, tratando de comprender y mejorar la interfase entre la naturaleza y los humanos, principalmente en relaci\u00f3n con la conservaci\u00f3n de la biodiversidad, el uso de los recursos naturales y la gesti\u00f3n territorial, el desarrollo sostenible y la respuesta al cambio clim\u00e1tico\u201d.<\/p>\n\n\n\n<p><strong>Armando Vald\u00e9s Vel\u00e1squez<\/strong> tambi\u00e9n es Doctor en Ciencias Naturales y autor de varios art\u00edculos cient\u00edficos.<a href=\"file:\/\/\/C:\/Users\/74815294\/Downloads\/BIO%CC%81LOGO%20PERUANO%20ARMANDO%20VALDE%CC%81S%20VELA%CC%81SQUEZ%20FORMARA%CC%81%20PARTE%20DE%20LA%20ACADEMIA%20WYSS%20PARA%20LA%20NATURALEZA-revAV%20(1).docx#_msocom_1\"><\/a><\/p>\n\n\n\n<p><strong>La Academia Wyss<\/strong><\/p>\n\n\n\n<p>Fue creada por la <strong>Fundaci\u00f3n Wyss<\/strong>, la <strong>Universidad de Berna<\/strong> y el <strong>Cant\u00f3n de Berna<\/strong> (Suiza). Su prop\u00f3sito es crear y establecer una relaci\u00f3n nueva y sostenible con la naturaleza.<\/p>\n\n\n\n<p>\u201cNuestro trabajo armoniza el bienestar humano con la protecci\u00f3n de la biodiversidad, el cambio clim\u00e1tico y el uso sostenible de la tierra. En este, probamos soluciones concretas y desarrollamos proyectos escalables en todo el mundo\u201d, cuenta la instituci\u00f3n en sus redes sociales.<\/p>\n\n\n\n<p>Sus equipos se encuentran actualmente trabajando en Europa, el Sudeste Asi\u00e1tico, \u00c1frica Oriental y Am\u00e9rica del Sur.<\/p>\n","protected":false},"excerpt":{"rendered":"<p>Armando Vald\u00e9s Vel\u00e1squez, investigador y docente de la Universidad Peruana Cayetano Heredia, acaba de ser anunciado como asesor principal del equipo de Am\u00e9rica del Sur de la Academia Wyss para&hellip; <br \/> <a class=\"button small blue\" href=\"https:\/\/precayetano.pe\/cursos\/2022\/07\/06\/biologo-peruano-armando-valdes-velasquez-formara-parte-de-la-academia-wyss-para-la-naturaleza\/\">Read more<\/a><\/p>\n","protected":false},"author":1,"featured_media":2357,"comment_status":"closed","ping_status":"open","sticky":false,"template":"","format":"standard","meta":{"_eb_attr":"","footnotes":""},"categories":[1],"tags":[],"class_list":["post-2356","post","type-post","status-publish","format-standard","has-post-thumbnail","hentry","category-uncategorized"],"_links":{"self":[{"href":"https:\/\/precayetano.pe\/cursos\/wp-json\/wp\/v2\/posts\/2356","targetHints":{"allow":["GET"]}}],"collection":[{"href":"https:\/\/precayetano.pe\/cursos\/wp-json\/wp\/v2\/posts"}],"about":[{"href":"https:\/\/precayetano.pe\/cursos\/wp-json\/wp\/v2\/types\/post"}],"author":[{"embeddable":true,"href":"https:\/\/precayetano.pe\/cursos\/wp-json\/wp\/v2\/users\/1"}],"replies":[{"embeddable":true,"href":"https:\/\/precayetano.pe\/cursos\/wp-json\/wp\/v2\/comments?post=2356"}],"version-history":[{"count":0,"href":"https:\/\/precayetano.pe\/cursos\/wp-json\/wp\/v2\/posts\/2356\/revisions"}],"wp:featuredmedia":[{"embeddable":true,"href":"https:\/\/precayetano.pe\/cursos\/wp-json\/wp\/v2\/media\/2357"}],"wp:attachment":[{"href":"https:\/\/precayetano.pe\/cursos\/wp-json\/wp\/v2\/media?parent=2356"}],"wp:term":[{"taxonomy":"category","embeddable":true,"href":"https:\/\/precayetano.pe\/cursos\/wp-json\/wp\/v2\/categories?post=2356"},{"taxonomy":"post_tag","embeddable":true,"href":"https:\/\/precayetano.pe\/cursos\/wp-json\/wp\/v2\/tags?post=2356"}],"curies":[{"name":"wp","href":"https:\/\/api.w.org\/{rel}","templated":true}]}}