{"id":2360,"date":"2022-07-20T03:21:50","date_gmt":"2022-07-20T03:21:50","guid":{"rendered":"https:\/\/precayetano.pe\/cursos\/2022\/07\/20\/la-pre-cayetano-dio-la-bienvenida-a-los-nuevos-coordinadores\/"},"modified":"2022-07-20T03:21:50","modified_gmt":"2022-07-20T03:21:50","slug":"la-pre-cayetano-dio-la-bienvenida-a-los-nuevos-coordinadores","status":"publish","type":"post","link":"https:\/\/precayetano.pe\/cursos\/2022\/07\/20\/la-pre-cayetano-dio-la-bienvenida-a-los-nuevos-coordinadores\/","title":{"rendered":"La Pre Cayetano, dio la bienvenida a los nuevos coordinadores"},"content":{"rendered":"\n<p>En solemne acto acad\u00e9mico, el Centro de Estudios Preuniversitarios de la Universidad Peruana Cayetano Heredia, encabezado por la\u00a0 Dra. Flor Yesenia Musay\u00f3n Oblitas, Vicerrectora acad\u00e9mica y Presidente del Directorio del CEPU y la Mag. Marcela Vidal Bonilla, directora del CEPU presentaron su saludo de bienvenida a los nuevos coordinadores de la Pre Cayetano; en el que se destac\u00f3 el proceso de selecci\u00f3n y se augur\u00f3 \u00e9xitos en sus gestiones.<\/p>\n\n\n\n<p style=\"font-size:10px\"><img loading=\"lazy\" decoding=\"async\" src=\"https:\/\/precayetano.pe\/images\/2022\/IMG_20220719_180159.jpg\" width=\"800\" height=\"599\"><br>Foto: Raisa Zirena, Coordinadora de Cs y Humanidades; Alfredo Altamirano, coordinador acad\u00e9mico; Marcela Vidal , directora del CEPU; Flor Yesenia Musay\u00f3n Oblitas, Vicerrectora acad\u00e9mica y presidente del directorio CEPU; Luciano Bellat\u00edn, coordinador de Ciencias exactas y b\u00e1sicas.<\/p>\n\n\n\n<p>Los coordinadores son:<strong>LIC. ALFREDO ALTAMIRANO IZQUIERDO<\/strong>, COORDINADOR ACAD\u00c9MICO.<\/p>\n\n\n\n<p><strong>MAG. RAISA ZIRENA ARANA<\/strong>, COORDINADORA DE CIENCIAS SOCIALES Y HUMANIDADES\u00a0.<\/p>\n\n\n\n<p><strong>BACH, LUCIANO BELLATIN ARCINIEGA<\/strong>, COORDINADOR DE CIENCIAS EXACTAS Y B\u00c1SICAS.<\/p>\n\n\n\n<figure class=\"wp-block-image\"><img decoding=\"async\" src=\"https:\/\/precayetano.pe\/images\/2022\/COORDINAXORES-2022.png\" alt=\"COORDINAXORES-2022\"\/><\/figure>\n\n\n\n<p>Un momento especialmente emotivo fue la entrega de placas recordatorias al PHd. Daniel Salas qui\u00e9n felicit\u00f3 la labor de los instructores y las \u00e1reas de coordinacion del CEPU.<\/p>\n\n\n\n<figure class=\"wp-block-image\"><img decoding=\"async\" src=\"https:\/\/precayetano.pe\/images\/2022\/WhatsApp_Image_2022-07-19_at_8.34.40_PM.png\" alt=\"WhatsApp Image 2022-07-19 at 8.34.40 PM\"\/><\/figure>\n\n\n\n<figure class=\"wp-block-image\"><img decoding=\"async\" src=\"https:\/\/precayetano.pe\/images\/2022\/IMG_20220719_184022.png\" alt=\"IMG 20220719 184022\"\/><\/figure>\n\n\n\n<figure class=\"wp-block-image\"><img decoding=\"async\" src=\"https:\/\/precayetano.pe\/images\/2022\/IMG_20220719_184222.png\" alt=\"IMG 20220719 184222\"\/><\/figure>\n","protected":false},"excerpt":{"rendered":"<p>En solemne acto acad\u00e9mico, el Centro de Estudios Preuniversitarios de la Universidad Peruana Cayetano Heredia, encabezado por la\u00a0 Dra. Flor Yesenia Musay\u00f3n Oblitas, Vicerrectora acad\u00e9mica y Presidente del Directorio del&hellip; <br \/> <a class=\"button small blue\" href=\"https:\/\/precayetano.pe\/cursos\/2022\/07\/20\/la-pre-cayetano-dio-la-bienvenida-a-los-nuevos-coordinadores\/\">Read more<\/a><\/p>\n","protected":false},"author":1,"featured_media":2361,"comment_status":"closed","ping_status":"open","sticky":false,"template":"","format":"standard","meta":{"_eb_attr":"","footnotes":""},"categories":[1],"tags":[],"class_list":["post-2360","post","type-post","status-publish","format-standard","has-post-thumbnail","hentry","category-uncategorized"],"_links":{"self":[{"href":"https:\/\/precayetano.pe\/cursos\/wp-json\/wp\/v2\/posts\/2360","targetHints":{"allow":["GET"]}}],"collection":[{"href":"https:\/\/precayetano.pe\/cursos\/wp-json\/wp\/v2\/posts"}],"about":[{"href":"https:\/\/precayetano.pe\/cursos\/wp-json\/wp\/v2\/types\/post"}],"author":[{"embeddable":true,"href":"https:\/\/precayetano.pe\/cursos\/wp-json\/wp\/v2\/users\/1"}],"replies":[{"embeddable":true,"href":"https:\/\/precayetano.pe\/cursos\/wp-json\/wp\/v2\/comments?post=2360"}],"version-history":[{"count":0,"href":"https:\/\/precayetano.pe\/cursos\/wp-json\/wp\/v2\/posts\/2360\/revisions"}],"wp:featuredmedia":[{"embeddable":true,"href":"https:\/\/precayetano.pe\/cursos\/wp-json\/wp\/v2\/media\/2361"}],"wp:attachment":[{"href":"https:\/\/precayetano.pe\/cursos\/wp-json\/wp\/v2\/media?parent=2360"}],"wp:term":[{"taxonomy":"category","embeddable":true,"href":"https:\/\/precayetano.pe\/cursos\/wp-json\/wp\/v2\/categories?post=2360"},{"taxonomy":"post_tag","embeddable":true,"href":"https:\/\/precayetano.pe\/cursos\/wp-json\/wp\/v2\/tags?post=2360"}],"curies":[{"name":"wp","href":"https:\/\/api.w.org\/{rel}","templated":true}]}}