{"id":2685,"date":"2023-06-05T22:45:36","date_gmt":"2023-06-05T22:45:36","guid":{"rendered":"https:\/\/precayetano.pe\/cursos\/?p=2685"},"modified":"2023-06-05T22:45:36","modified_gmt":"2023-06-05T22:45:36","slug":"dia-internacional-del-medio-ambiente","status":"publish","type":"post","link":"https:\/\/precayetano.pe\/cursos\/2023\/06\/05\/dia-internacional-del-medio-ambiente\/","title":{"rendered":"D\u00eda Internacional del medio Ambiente"},"content":{"rendered":"\n<p>La Pre Cayetano se une a la celebraci\u00f3n del D\u00eda del Medio Ambiente!!. Nuestros estudiantes participaron de actividades organizadas por  el \u00e1rea de Calidad y Sostenibilidad  en coordinaci\u00f3n con las \u00e1reas de Tutor\u00eda y Consejer\u00eda psicol\u00f3gica y Comunicaci\u00f3n Interna del CEPU. <\/p>\n\n\n\n<p>Las actividades estaban enfocadas en ampliar los conocimientos sobre el cuidado del medio ambiente, reciclaje y una conducta responsable de las personas, instituciones y comunidades en la preservaci\u00f3n y mejora del <strong>medio ambiente<\/strong>.<\/p>\n\n\n\n<figure class=\"wp-block-gallery has-nested-images columns-default is-cropped wp-block-gallery-1 is-layout-flex wp-block-gallery-is-layout-flex\">\n\n\n\n\n\n\n\n\n\n\n<figure class=\"wp-block-image\"><img decoding=\"async\" src=\"blob:https:\/\/precayetano.pe\/a8761b01-10e0-48f5-aeca-0759760ca186\" alt=\"\"\/><\/figure>\n\n\n\n<figure class=\"wp-block-image\"><img decoding=\"async\" src=\"blob:https:\/\/precayetano.pe\/22d88c7e-95de-4f27-8493-eacb3222586d\" alt=\"\"\/><\/figure>\n\n\n\n<figure class=\"wp-block-image\"><img decoding=\"async\" src=\"blob:https:\/\/precayetano.pe\/289f7a18-246a-4ec7-ae3f-2d9de2fc0520\" alt=\"\"\/><\/figure>\n\n\n\n<figure class=\"wp-block-image\"><img decoding=\"async\" src=\"blob:https:\/\/precayetano.pe\/042fc959-560a-4465-b792-d3b2508dc009\" alt=\"\"\/><\/figure>\n\n\n\n<figure class=\"wp-block-image\"><img decoding=\"async\" src=\"blob:https:\/\/precayetano.pe\/c1bf86dc-639a-4896-8a81-19767a787bb3\" alt=\"\"\/><\/figure>\n\n\n\n<figure class=\"wp-block-image\"><img decoding=\"async\" src=\"blob:https:\/\/precayetano.pe\/17af92e6-3940-4595-815a-62968615280b\" alt=\"\"\/><\/figure>\n\n\n\n<figure class=\"wp-block-image\"><img decoding=\"async\" src=\"blob:https:\/\/precayetano.pe\/d1703852-6b9a-47e1-8810-9297ea855a2c\" alt=\"\"\/><\/figure>\n\n\n\n<figure class=\"wp-block-image\"><img decoding=\"async\" src=\"blob:https:\/\/precayetano.pe\/7fad629b-41c3-42a8-89e7-0930380de0f7\" alt=\"\"\/><\/figure>\n\n\n\n<figure class=\"wp-block-image\"><img decoding=\"async\" src=\"blob:https:\/\/precayetano.pe\/3c309270-239b-4d89-9a3d-be99875e69a6\" alt=\"\"\/><\/figure>\n\n\n\n<figure class=\"wp-block-image\"><img decoding=\"async\" src=\"blob:https:\/\/precayetano.pe\/62bb3675-808c-4afc-8cac-acb99e2a66f4\" alt=\"\"\/><\/figure>\n<\/figure>\n","protected":false},"excerpt":{"rendered":"<p>La Pre Cayetano se une a la celebraci\u00f3n del D\u00eda del Medio Ambiente!!. Nuestros estudiantes participaron de actividades organizadas por el \u00e1rea de Calidad y Sostenibilidad en coordinaci\u00f3n con las&hellip; <br \/> <a class=\"button small blue\" href=\"https:\/\/precayetano.pe\/cursos\/2023\/06\/05\/dia-internacional-del-medio-ambiente\/\">Read more<\/a><\/p>\n","protected":false},"author":1,"featured_media":2699,"comment_status":"closed","ping_status":"closed","sticky":false,"template":"","format":"standard","meta":{"_eb_attr":"","footnotes":""},"categories":[1],"tags":[],"class_list":["post-2685","post","type-post","status-publish","format-standard","has-post-thumbnail","hentry","category-uncategorized"],"_links":{"self":[{"href":"https:\/\/precayetano.pe\/cursos\/wp-json\/wp\/v2\/posts\/2685","targetHints":{"allow":["GET"]}}],"collection":[{"href":"https:\/\/precayetano.pe\/cursos\/wp-json\/wp\/v2\/posts"}],"about":[{"href":"https:\/\/precayetano.pe\/cursos\/wp-json\/wp\/v2\/types\/post"}],"author":[{"embeddable":true,"href":"https:\/\/precayetano.pe\/cursos\/wp-json\/wp\/v2\/users\/1"}],"replies":[{"embeddable":true,"href":"https:\/\/precayetano.pe\/cursos\/wp-json\/wp\/v2\/comments?post=2685"}],"version-history":[{"count":2,"href":"https:\/\/precayetano.pe\/cursos\/wp-json\/wp\/v2\/posts\/2685\/revisions"}],"predecessor-version":[{"id":2715,"href":"https:\/\/precayetano.pe\/cursos\/wp-json\/wp\/v2\/posts\/2685\/revisions\/2715"}],"wp:featuredmedia":[{"embeddable":true,"href":"https:\/\/precayetano.pe\/cursos\/wp-json\/wp\/v2\/media\/2699"}],"wp:attachment":[{"href":"https:\/\/precayetano.pe\/cursos\/wp-json\/wp\/v2\/media?parent=2685"}],"wp:term":[{"taxonomy":"category","embeddable":true,"href":"https:\/\/precayetano.pe\/cursos\/wp-json\/wp\/v2\/categories?post=2685"},{"taxonomy":"post_tag","embeddable":true,"href":"https:\/\/precayetano.pe\/cursos\/wp-json\/wp\/v2\/tags?post=2685"}],"curies":[{"name":"wp","href":"https:\/\/api.w.org\/{rel}","templated":true}]}}