{"id":2768,"date":"2023-11-07T14:00:11","date_gmt":"2023-11-07T14:00:11","guid":{"rendered":"https:\/\/precayetano.pe\/cursos\/?p=2768"},"modified":"2023-11-07T14:00:36","modified_gmt":"2023-11-07T14:00:36","slug":"presentan-modelo-formativo-preuniversitario","status":"publish","type":"post","link":"https:\/\/precayetano.pe\/cursos\/2023\/11\/07\/presentan-modelo-formativo-preuniversitario\/","title":{"rendered":"Presentan Modelo Formativo Preuniversitario"},"content":{"rendered":"\n<p>El Modelo Formativo, tiene como finalidad dar a conocer el sello herediano preuniversitario, los principios pedag\u00f3gicos y la propuesta pedag\u00f3gica para complementar la formaci\u00f3n de las competencias correspondientes a la educaci\u00f3n b\u00e1sica regular.<\/p>\n\n\n\n<p>El sello distintivo de la Pre Cayetano consiste en ofrecer un servicio educativo centrado en la persona, con los atributos de excelencia, a trav\u00e9s de la gesti\u00f3n de la calidad con innovaci\u00f3n; as\u00ed como en el compromiso con la sociedad y el medioambiente para contribuir a la sostenibilidad del planeta; y una formaci\u00f3n integral, que comprende conocimientos en las ciencias, humanidades y habilidades socioemocionales. Este planteamiento es coherente con la visi\u00f3n y misi\u00f3n y en el marco de los valores de la Universidad Peruana Cayetano Heredia (UPCH) (PEI 2022-2026).<\/p>\n\n\n\n<figure class=\"wp-block-image\"><img decoding=\"async\" src=\"https:\/\/pre.cayetano.edu.pe\/wp-content\/uploads\/sites\/23\/2023\/10\/Modelo-Formativo-Pre-Cayetano-2023-autores.jpg\" alt=\"\" class=\"wp-image-726\"\/><\/figure>\n\n\n\n<p>A partir del an\u00e1lisis del Curr\u00edculo Nacional de Educaci\u00f3n B\u00e1sica y del Programa de Bachillerato Internacional, se identifican los resultados de aprendizajes orientados a seis competencias, as\u00ed como indicadores de desempe\u00f1o para su evaluaci\u00f3n en distintos niveles de complejidad; asimismo, se enfatiza la comprensi\u00f3n conceptual de las ciencias y las habilidades de indagaci\u00f3n, pensamiento cr\u00edtico y reflexi\u00f3n.<\/p>\n\n\n\n<figure class=\"wp-block-image\"><img decoding=\"async\" src=\"https:\/\/pre.cayetano.edu.pe\/wp-content\/uploads\/sites\/23\/2023\/10\/Modelos-1024x726.jpg\" alt=\"\" class=\"wp-image-727\"\/><\/figure>\n\n\n\n<p>El modelo formativo requiere para su implementaci\u00f3n de un perfil docente especializado, con el que cuenta la Pre Cayetano, que se apoya en los siguientes componentes: \u00c9tica, dinamismo, pensamiento critico, b\u00fasqueda del conocimiento.<\/p>\n\n\n\n<h2 class=\"wp-block-heading\"><a href=\"https:\/\/pre.cayetano.edu.pe\/noticias\/\">\u00daltimas <strong>noticias<\/strong><\/a><\/h2>\n\n\n\n<ul class=\"wp-block-list\"><li><a href=\"https:\/\/pre.cayetano.edu.pe\/noticias\/meta-cumplida-semana-de-accion-forestal\/\"><\/a> <a href=\"https:\/\/pre.cayetano.edu.pe\/noticias\/meta-cumplida-semana-de-accion-forestal\/\">\u00a1Meta Cumplida! Semana de Acci\u00f3n Forestal<\/a> noviembre 6, 2023<\/li><li><a href=\"https:\/\/pre.cayetano.edu.pe\/noticias\/ultimo-simulacro-2023\/\"><\/a> <a href=\"https:\/\/pre.cayetano.edu.pe\/noticias\/ultimo-simulacro-2023\/\">\u00daltimo Simulacro del 2023<\/a> noviembre 2, 2023<\/li><li><a href=\"https:\/\/pre.cayetano.edu.pe\/noticias\/presentan-modelo-formativo-preuniversitario\/\"><\/a> <a href=\"https:\/\/pre.cayetano.edu.pe\/noticias\/presentan-modelo-formativo-preuniversitario\/\">Presentan Modelo Formativo Preuniversitario<\/a> octubre 27, 2023<\/li><\/ul>\n","protected":false},"excerpt":{"rendered":"<p>El Modelo Formativo, tiene como finalidad dar a conocer el sello herediano preuniversitario, los principios pedag\u00f3gicos y la propuesta pedag\u00f3gica para complementar la formaci\u00f3n de las competencias correspondientes a la&hellip; <br \/> <a class=\"button small blue\" href=\"https:\/\/precayetano.pe\/cursos\/2023\/11\/07\/presentan-modelo-formativo-preuniversitario\/\">Read more<\/a><\/p>\n","protected":false},"author":1,"featured_media":2769,"comment_status":"closed","ping_status":"closed","sticky":false,"template":"","format":"standard","meta":{"_eb_attr":"","footnotes":""},"categories":[1],"tags":[],"class_list":["post-2768","post","type-post","status-publish","format-standard","has-post-thumbnail","hentry","category-uncategorized"],"_links":{"self":[{"href":"https:\/\/precayetano.pe\/cursos\/wp-json\/wp\/v2\/posts\/2768","targetHints":{"allow":["GET"]}}],"collection":[{"href":"https:\/\/precayetano.pe\/cursos\/wp-json\/wp\/v2\/posts"}],"about":[{"href":"https:\/\/precayetano.pe\/cursos\/wp-json\/wp\/v2\/types\/post"}],"author":[{"embeddable":true,"href":"https:\/\/precayetano.pe\/cursos\/wp-json\/wp\/v2\/users\/1"}],"replies":[{"embeddable":true,"href":"https:\/\/precayetano.pe\/cursos\/wp-json\/wp\/v2\/comments?post=2768"}],"version-history":[{"count":1,"href":"https:\/\/precayetano.pe\/cursos\/wp-json\/wp\/v2\/posts\/2768\/revisions"}],"predecessor-version":[{"id":2770,"href":"https:\/\/precayetano.pe\/cursos\/wp-json\/wp\/v2\/posts\/2768\/revisions\/2770"}],"wp:featuredmedia":[{"embeddable":true,"href":"https:\/\/precayetano.pe\/cursos\/wp-json\/wp\/v2\/media\/2769"}],"wp:attachment":[{"href":"https:\/\/precayetano.pe\/cursos\/wp-json\/wp\/v2\/media?parent=2768"}],"wp:term":[{"taxonomy":"category","embeddable":true,"href":"https:\/\/precayetano.pe\/cursos\/wp-json\/wp\/v2\/categories?post=2768"},{"taxonomy":"post_tag","embeddable":true,"href":"https:\/\/precayetano.pe\/cursos\/wp-json\/wp\/v2\/tags?post=2768"}],"curies":[{"name":"wp","href":"https:\/\/api.w.org\/{rel}","templated":true}]}}