{"id":2774,"date":"2023-11-07T15:28:08","date_gmt":"2023-11-07T15:28:08","guid":{"rendered":"https:\/\/precayetano.pe\/cursos\/?p=2774"},"modified":"2023-11-07T15:33:52","modified_gmt":"2023-11-07T15:33:52","slug":"meta-cumplida-semana-de-accion-forestal","status":"publish","type":"post","link":"https:\/\/precayetano.pe\/cursos\/2023\/11\/07\/meta-cumplida-semana-de-accion-forestal\/","title":{"rendered":"\u00a1Meta Cumplida! Semana de Acci\u00f3n Forestal"},"content":{"rendered":"\n<p>En el marco de la Semana de Acci\u00f3n Forestal y la 3ra Gran Cruzada Verde Nacional impulsada por el Ministerio del Ambiente, estudiantes, instructores y personal administrativo de la Pre Cayetano se reunieron el s\u00e1bado 04 de noviembre en el Centro de Innovaci\u00f3n y Emprendimiento (CIE) de la UPCH, ubicado en Santa Mar\u00eda del Mar, para cumplir la meta del sembrado de 100 \u00e1rboles de la especie \u00abmeijos\u00bb (Hibiscus tiliaceus).<\/p>\n\n\n\n<p>Con esta actividad se busca sensibilizar e involucrar a la comunidad universitaria sobre la importancia de realizar acciones concretas que hagan frente al cambio clim\u00e1tico, as\u00ed como la conservaci\u00f3n y uso sostenible de los recursos naturales.<\/p>\n\n\n\n<p>El Mag. Fernando Kong Garc\u00eda, director del Centro de Innovaci\u00f3n y Emprendimiento (CIE), dio la apertura de la actividad, agregando que el CIE es un espacio destinado a la investigaci\u00f3n, sobre todo de carreras vinculadas a la Ingenier\u00eda y la Biolog\u00eda; como parte del programa, los instructores realizaron la actividad previa de reconocimiento del ecosistema, sus caracter\u00edsticas y beneficios, as\u00ed como las pautas generales para una correcta plantaci\u00f3n de \u00e1rboles.<br>Finalmente, en equipo se logr\u00f3 el correcto sembrado de los 100 \u00e1rboles destinados para la actividad.<\/p>\n\n\n\n<figure class=\"wp-block-image\"><img decoding=\"async\" src=\"https:\/\/pre.cayetano.edu.pe\/wp-content\/uploads\/sites\/23\/2023\/11\/53308731587_9863d413d5_c.jpg\" alt=\"\" class=\"wp-image-736\"\/><\/figure>\n\n\n\n<p>VER FOTOGRAF\u00cdAS DE LA JORNADA: <a href=\"https:\/\/flic.kr\/s\/aHBqjB24Ac\">https:\/\/flic.kr\/s\/aHBqjB24Ac<\/a><\/p>\n","protected":false},"excerpt":{"rendered":"<p>En el marco de la Semana de Acci\u00f3n Forestal y la 3ra Gran Cruzada Verde Nacional impulsada por el Ministerio del Ambiente, estudiantes, instructores y personal administrativo de la Pre&hellip; <br \/> <a class=\"button small blue\" href=\"https:\/\/precayetano.pe\/cursos\/2023\/11\/07\/meta-cumplida-semana-de-accion-forestal\/\">Read more<\/a><\/p>\n","protected":false},"author":1,"featured_media":2775,"comment_status":"closed","ping_status":"closed","sticky":false,"template":"","format":"standard","meta":{"_eb_attr":"","footnotes":""},"categories":[1],"tags":[],"class_list":["post-2774","post","type-post","status-publish","format-standard","has-post-thumbnail","hentry","category-uncategorized"],"_links":{"self":[{"href":"https:\/\/precayetano.pe\/cursos\/wp-json\/wp\/v2\/posts\/2774","targetHints":{"allow":["GET"]}}],"collection":[{"href":"https:\/\/precayetano.pe\/cursos\/wp-json\/wp\/v2\/posts"}],"about":[{"href":"https:\/\/precayetano.pe\/cursos\/wp-json\/wp\/v2\/types\/post"}],"author":[{"embeddable":true,"href":"https:\/\/precayetano.pe\/cursos\/wp-json\/wp\/v2\/users\/1"}],"replies":[{"embeddable":true,"href":"https:\/\/precayetano.pe\/cursos\/wp-json\/wp\/v2\/comments?post=2774"}],"version-history":[{"count":1,"href":"https:\/\/precayetano.pe\/cursos\/wp-json\/wp\/v2\/posts\/2774\/revisions"}],"predecessor-version":[{"id":2776,"href":"https:\/\/precayetano.pe\/cursos\/wp-json\/wp\/v2\/posts\/2774\/revisions\/2776"}],"wp:featuredmedia":[{"embeddable":true,"href":"https:\/\/precayetano.pe\/cursos\/wp-json\/wp\/v2\/media\/2775"}],"wp:attachment":[{"href":"https:\/\/precayetano.pe\/cursos\/wp-json\/wp\/v2\/media?parent=2774"}],"wp:term":[{"taxonomy":"category","embeddable":true,"href":"https:\/\/precayetano.pe\/cursos\/wp-json\/wp\/v2\/categories?post=2774"},{"taxonomy":"post_tag","embeddable":true,"href":"https:\/\/precayetano.pe\/cursos\/wp-json\/wp\/v2\/tags?post=2774"}],"curies":[{"name":"wp","href":"https:\/\/api.w.org\/{rel}","templated":true}]}}